{"id":109,"date":"2015-02-09T12:57:44","date_gmt":"2015-02-09T11:57:44","guid":{"rendered":"https:\/\/www.samt.fr\/?p=109"},"modified":"2021-10-20T16:32:05","modified_gmt":"2021-10-20T14:32:05","slug":"samt-ocean-indien-en-avant-la-nouvelle-route-du-littoral-ile-de-la-reunion","status":"publish","type":"post","link":"https:\/\/www.samt.fr\/en\/samt-ocean-indien-en-avant-la-nouvelle-route-du-littoral-ile-de-la-reunion\/","title":{"rendered":"SAMT Indian Ocean : Let\u2019s go for the New Coastal Road ! (Reunion Island)"},"content":{"rendered":"<div class=\"vc_row wpb_row vc_row-fluid\"><div class=\"wpb_column vc_column_container vc_col-sm-12\"><div class=\"vc_column-inner\"><div class=\"wpb_wrapper\">\n\t<div class=\"wpb_text_column wpb_content_element\" >\n\t\t<div class=\"wpb_wrapper\">\n\t\t\t<p>2 videos to watch:<\/p>\n<p>- Tv coverage by the 19\/20 program on Reunion 1<sup>st<\/sup>channel, 9th february 2015 (in french)<\/p>\n<p>- Coverage by linfo.re (in french)<\/p>\n\n\t\t<\/div>\n\t<\/div>\n<\/div><\/div><\/div><\/div><div class=\"vc_row wpb_row vc_row-fluid\"><div class=\"wpb_column vc_column_container vc_col-sm-2\"><div class=\"vc_column-inner\"><div class=\"wpb_wrapper\"><\/div><\/div><\/div><div class=\"wpb_column vc_column_container vc_col-sm-8\"><div class=\"vc_column-inner\"><div class=\"wpb_wrapper\">\n\t<div class=\"wpb_video_widget wpb_content_element vc_clearfix   vc_video-aspect-ratio-169 vc_video-el-width-100 vc_video-align-left\" >\n\t\t<div class=\"wpb_wrapper\">\n\t\t\t\n\t\t\t<div class=\"wpb_video_wrapper\"><iframe loading=\"lazy\" title=\"SAMT OI et la NRL, 19\/20 du 9 f\u00e9vrier 2015 sur R\u00e9union 1\u00e8re\" width=\"500\" height=\"375\" src=\"https:\/\/www.youtube.com\/embed\/WySSq7wHbEQ?feature=oembed\" frameborder=\"0\" allow=\"accelerometer; autoplay; clipboard-write; encrypted-media; gyroscope; picture-in-picture; web-share\" referrerpolicy=\"strict-origin-when-cross-origin\" allowfullscreen><\/iframe><\/div>\n\t\t<\/div>\n\t<\/div>\n<\/div><\/div><\/div><div class=\"wpb_column vc_column_container vc_col-sm-2\"><div class=\"vc_column-inner\"><div class=\"wpb_wrapper\"><\/div><\/div><\/div><\/div><div class=\"vc_row wpb_row vc_row-fluid\"><div class=\"wpb_column vc_column_container vc_col-sm-2\"><div class=\"vc_column-inner\"><div class=\"wpb_wrapper\"><\/div><\/div><\/div><div class=\"wpb_column vc_column_container vc_col-sm-8\"><div class=\"vc_column-inner\"><div class=\"wpb_wrapper\">\n\t<div class=\"wpb_video_widget wpb_content_element vc_clearfix   vc_video-aspect-ratio-169 vc_video-el-width-100 vc_video-align-left\" >\n\t\t<div class=\"wpb_wrapper\">\n\t\t\t\n\t\t\t<div class=\"wpb_video_wrapper\"><iframe loading=\"lazy\" title=\"NRL : les entreprises se pr\u00e9parent \u00e0 relever le d\u00e9fi (www.linfo.re)\" width=\"500\" height=\"281\" src=\"https:\/\/www.youtube.com\/embed\/EcK0ggaS5iw?feature=oembed\" frameborder=\"0\" allow=\"accelerometer; autoplay; clipboard-write; encrypted-media; gyroscope; picture-in-picture; web-share\" referrerpolicy=\"strict-origin-when-cross-origin\" allowfullscreen><\/iframe><\/div>\n\t\t<\/div>\n\t<\/div>\n<\/div><\/div><\/div><div class=\"wpb_column vc_column_container vc_col-sm-2\"><div class=\"vc_column-inner\"><div class=\"wpb_wrapper\"><\/div><\/div><\/div><\/div>","protected":false},"excerpt":{"rendered":"2 video to watch:\n\n- a tv coverage by the 19\/20 program on Reunion 1\u00e8re channel, 9th february [\u2026]","protected":false},"author":1,"featured_media":110,"comment_status":"closed","ping_status":"closed","sticky":false,"template":"","format":"standard","meta":{"footnotes":""},"categories":[1],"tags":[],"class_list":["post-109","post","type-post","status-publish","format-standard","hentry","category-actualites"],"yoast_head":"<!-- This site is optimized with the Yoast SEO plugin v18.0 - https:\/\/yoast.com\/wordpress\/plugins\/seo\/ -->\n<meta name=\"robots\" content=\"index, follow, max-snippet:-1, max-image-preview:large, max-video-preview:-1\" \/>\n<link rel=\"canonical\" href=\"http:\/\/www.samt.fr\/en\/samt-ocean-indien-en-avant-la-nouvelle-route-du-littoral-ile-de-la-reunion\/\" \/>\n<meta property=\"og:locale\" content=\"en_GB\" \/>\n<meta property=\"og:type\" content=\"article\" \/>\n<meta property=\"og:title\" content=\"SAMT Oc\u00e9an Indien : en avant la Nouvelle Route du Littoral ! (\u00eele de la R\u00e9union) - SAMT\" \/>\n<meta property=\"og:url\" content=\"http:\/\/www.samt.fr\/en\/samt-ocean-indien-en-avant-la-nouvelle-route-du-littoral-ile-de-la-reunion\/\" \/>\n<meta property=\"og:site_name\" content=\"SAMT\" \/>\n<meta property=\"article:published_time\" content=\"2015-02-09T11:57:44+00:00\" \/>\n<meta property=\"article:modified_time\" content=\"2021-10-20T14:32:05+00:00\" \/>\n<meta property=\"og:image\" content=\"https:\/\/www.samt.fr\/wp-content\/uploads\/2021\/10\/frederic-thirion-jt-reunion-1ere-resized-400x256-1.jpeg\" \/>\n\t<meta property=\"og:image:width\" content=\"400\" \/>\n\t<meta property=\"og:image:height\" content=\"256\" \/>\n\t<meta property=\"og:image:type\" content=\"image\/jpeg\" \/>\n<meta name=\"twitter:card\" content=\"summary_large_image\" \/>\n<meta name=\"twitter:label1\" content=\"Written by\" \/>\n\t<meta name=\"twitter:data1\" content=\"Samt\" \/>\n<!-- \/ Yoast SEO plugin. -->","yoast_head_json":{"robots":{"index":"index","follow":"follow","max-snippet":"max-snippet:-1","max-image-preview":"max-image-preview:large","max-video-preview":"max-video-preview:-1"},"canonical":"http:\/\/www.samt.fr\/en\/samt-ocean-indien-en-avant-la-nouvelle-route-du-littoral-ile-de-la-reunion\/","og_locale":"en_GB","og_type":"article","og_title":"SAMT Oc\u00e9an Indien : en avant la Nouvelle Route du Littoral ! (\u00eele de la R\u00e9union) - SAMT","og_url":"http:\/\/www.samt.fr\/en\/samt-ocean-indien-en-avant-la-nouvelle-route-du-littoral-ile-de-la-reunion\/","og_site_name":"SAMT","article_published_time":"2015-02-09T11:57:44+00:00","article_modified_time":"2021-10-20T14:32:05+00:00","og_image":[{"width":400,"height":256,"url":"https:\/\/www.samt.fr\/wp-content\/uploads\/2021\/10\/frederic-thirion-jt-reunion-1ere-resized-400x256-1.jpeg","type":"image\/jpeg"}],"twitter_card":"summary_large_image","twitter_misc":{"Written by":"Samt"},"schema":{"@context":"https:\/\/schema.org","@graph":[{"@type":"WebSite","@id":"https:\/\/www.samt.fr\/#website","url":"https:\/\/www.samt.fr\/","name":"SAMT","description":"Les armaturiers qui r\u00eavent de b\u00e9ton transparent","inLanguage":"en-GB"},{"@type":"ImageObject","@id":"http:\/\/www.samt.fr\/en\/samt-ocean-indien-en-avant-la-nouvelle-route-du-littoral-ile-de-la-reunion\/#primaryimage","inLanguage":"en-GB","url":"https:\/\/www.samt.fr\/wp-content\/uploads\/2021\/10\/frederic-thirion-jt-reunion-1ere-resized-400x256-1.jpeg","contentUrl":"https:\/\/www.samt.fr\/wp-content\/uploads\/2021\/10\/frederic-thirion-jt-reunion-1ere-resized-400x256-1.jpeg","width":400,"height":256},{"@type":"WebPage","@id":"http:\/\/www.samt.fr\/en\/samt-ocean-indien-en-avant-la-nouvelle-route-du-littoral-ile-de-la-reunion\/#webpage","url":"http:\/\/www.samt.fr\/en\/samt-ocean-indien-en-avant-la-nouvelle-route-du-littoral-ile-de-la-reunion\/","name":"SAMT Oc\u00e9an Indien : en avant la Nouvelle Route du Littoral ! (\u00eele de la R\u00e9union) - SAMT","isPartOf":{"@id":"https:\/\/www.samt.fr\/#website"},"primaryImageOfPage":{"@id":"http:\/\/www.samt.fr\/en\/samt-ocean-indien-en-avant-la-nouvelle-route-du-littoral-ile-de-la-reunion\/#primaryimage"},"datePublished":"2015-02-09T11:57:44+00:00","dateModified":"2021-10-20T14:32:05+00:00","author":{"@id":"https:\/\/www.samt.fr\/#\/schema\/person\/8b1b75967ccf59ed92906f23a139c8e7"},"breadcrumb":{"@id":"http:\/\/www.samt.fr\/en\/samt-ocean-indien-en-avant-la-nouvelle-route-du-littoral-ile-de-la-reunion\/#breadcrumb"},"inLanguage":"en-GB","potentialAction":[{"@type":"ReadAction","target":["http:\/\/www.samt.fr\/en\/samt-ocean-indien-en-avant-la-nouvelle-route-du-littoral-ile-de-la-reunion\/"]}]},{"@type":"BreadcrumbList","@id":"http:\/\/www.samt.fr\/en\/samt-ocean-indien-en-avant-la-nouvelle-route-du-littoral-ile-de-la-reunion\/#breadcrumb","itemListElement":[{"@type":"ListItem","position":1,"name":"Accueil","item":"https:\/\/www.samt.fr\/"},{"@type":"ListItem","position":2,"name":"Actualit\u00e9s","item":"https:\/\/www.samt.fr\/.\/actualites\/"},{"@type":"ListItem","position":3,"name":"SAMT Oc\u00e9an Indien : en avant la Nouvelle Route du Littoral ! (\u00eele de la R\u00e9union)"}]},{"@type":"Person","@id":"https:\/\/www.samt.fr\/#\/schema\/person\/8b1b75967ccf59ed92906f23a139c8e7","name":"Samt","image":{"@type":"ImageObject","@id":"https:\/\/www.samt.fr\/#personlogo","inLanguage":"en-GB","url":"https:\/\/secure.gravatar.com\/avatar\/ecee8a87712839eaef2d1ff9f04e6e1aabcf7f21afbbb39382c1c05712229991?s=96&d=mm&r=g","contentUrl":"https:\/\/secure.gravatar.com\/avatar\/ecee8a87712839eaef2d1ff9f04e6e1aabcf7f21afbbb39382c1c05712229991?s=96&d=mm&r=g","caption":"Samt"},"sameAs":["https:\/\/www.samt.fr"],"url":"https:\/\/www.samt.fr\/en\/author\/samt\/"}]}},"_links":{"self":[{"href":"https:\/\/www.samt.fr\/en\/wp-json\/wp\/v2\/posts\/109","targetHints":{"allow":["GET"]}}],"collection":[{"href":"https:\/\/www.samt.fr\/en\/wp-json\/wp\/v2\/posts"}],"about":[{"href":"https:\/\/www.samt.fr\/en\/wp-json\/wp\/v2\/types\/post"}],"author":[{"embeddable":true,"href":"https:\/\/www.samt.fr\/en\/wp-json\/wp\/v2\/users\/1"}],"replies":[{"embeddable":true,"href":"https:\/\/www.samt.fr\/en\/wp-json\/wp\/v2\/comments?post=109"}],"version-history":[{"count":2,"href":"https:\/\/www.samt.fr\/en\/wp-json\/wp\/v2\/posts\/109\/revisions"}],"predecessor-version":[{"id":220,"href":"https:\/\/www.samt.fr\/en\/wp-json\/wp\/v2\/posts\/109\/revisions\/220"}],"wp:featuredmedia":[{"embeddable":true,"href":"https:\/\/www.samt.fr\/en\/wp-json\/wp\/v2\/media\/110"}],"wp:attachment":[{"href":"https:\/\/www.samt.fr\/en\/wp-json\/wp\/v2\/media?parent=109"}],"wp:term":[{"taxonomy":"category","embeddable":true,"href":"https:\/\/www.samt.fr\/en\/wp-json\/wp\/v2\/categories?post=109"},{"taxonomy":"post_tag","embeddable":true,"href":"https:\/\/www.samt.fr\/en\/wp-json\/wp\/v2\/tags?post=109"}],"curies":[{"name":"wp","href":"https:\/\/api.w.org\/{rel}","templated":true}]}}