{"id":1538,"date":"2025-05-21T08:00:22","date_gmt":"2025-05-21T06:00:22","guid":{"rendered":"https:\/\/www.samt.fr\/?p=1538"},"modified":"2025-05-21T09:25:09","modified_gmt":"2025-05-21T07:25:09","slug":"nouveau-chantier-batiment-dentreposage-des-generateurs-de-vapeur-begv-de-la-centrale-nucleaire-de-saint-alban-isere-france","status":"publish","type":"post","link":"https:\/\/www.samt.fr\/en\/nouveau-chantier-batiment-dentreposage-des-generateurs-de-vapeur-begv-de-la-centrale-nucleaire-de-saint-alban-isere-france\/","title":{"rendered":"New construction project: Steam Generator Storage Building (BEGV) \u2013 Saint-Alban Nuclear Power Plant, Is\u00e8re, France"},"content":{"rendered":"<div class=\"vc_row wpb_row vc_row-fluid\"><div class=\"wpb_column vc_column_container vc_col-sm-12\"><div class=\"vc_column-inner\"><div class=\"wpb_wrapper\">\n\t<div class=\"wpb_text_column wpb_content_element\" >\n\t\t<div class=\"wpb_wrapper\">\n\t\t\t<p>This building will temporarily house the four original steam generators from Unit 2, replaced as part of a major maintenance operation led by EDF. A truly XXL-scale project \u2014 not only due to the size of the equipment (each weighing over 300 tons!) but also because of the high technical and safety requirements. SAMT is proud to contribute its expertise to such a sensitive project at the heart of the French nuclear industry. (Client: Bouygues Construction Expertises Nucl\u00e9aires)<\/p>\n\n\t\t<\/div>\n\t<\/div>\n<\/div><\/div><\/div><\/div><div class=\"vc_row wpb_row vc_row-fluid\"><div class=\"wpb_column vc_column_container vc_col-sm-12\"><div class=\"vc_column-inner\"><div class=\"wpb_wrapper\">\n\t<div  class=\"wpb_single_image wpb_content_element vc_align_left\">\n\t\t\n\t\t<figure class=\"wpb_wrapper vc_figure\">\n\t\t\t<div class=\"vc_single_image-wrapper   vc_box_border_grey\"><img loading=\"lazy\" decoding=\"async\" width=\"1024\" height=\"614\" src=\"https:\/\/www.samt.fr\/wp-content\/uploads\/2025\/05\/samt_begv_saint-alban.jpg\" class=\"vc_single_image-img attachment-full\" alt=\"\" \/><\/div>\n\t\t<\/figure>\n\t<\/div>\n<\/div><\/div><\/div><\/div>","protected":false},"excerpt":{"rendered":"This building will temporarily house the four original steam generators from Unit 2, replaced as [...]","protected":false},"author":1,"featured_media":1539,"comment_status":"closed","ping_status":"closed","sticky":false,"template":"","format":"standard","meta":{"footnotes":""},"categories":[1],"tags":[],"class_list":["post-1538","post","type-post","status-publish","format-standard","hentry","category-actualites"],"yoast_head":"<!-- This site is optimized with the Yoast SEO plugin v18.0 - https:\/\/yoast.com\/wordpress\/plugins\/seo\/ -->\n<meta name=\"robots\" content=\"index, follow, max-snippet:-1, max-image-preview:large, max-video-preview:-1\" \/>\n<link rel=\"canonical\" href=\"https:\/\/www.samt.fr\/en\/nouveau-chantier-batiment-dentreposage-des-generateurs-de-vapeur-begv-de-la-centrale-nucleaire-de-saint-alban-isere-france\/\" \/>\n<meta property=\"og:locale\" content=\"en_GB\" \/>\n<meta property=\"og:type\" content=\"article\" \/>\n<meta property=\"og:title\" content=\"Nouveau chantier : B\u00e2timent d\u2019Entreposage des G\u00e9n\u00e9rateurs de Vapeur (BEGV) de la centrale nucl\u00e9aire de Saint-Alban, Is\u00e8re, France - SAMT\" \/>\n<meta property=\"og:url\" content=\"https:\/\/www.samt.fr\/en\/nouveau-chantier-batiment-dentreposage-des-generateurs-de-vapeur-begv-de-la-centrale-nucleaire-de-saint-alban-isere-france\/\" \/>\n<meta property=\"og:site_name\" content=\"SAMT\" \/>\n<meta property=\"article:published_time\" content=\"2025-05-21T06:00:22+00:00\" \/>\n<meta property=\"article:modified_time\" content=\"2025-05-21T07:25:09+00:00\" \/>\n<meta property=\"og:image\" content=\"https:\/\/www.samt.fr\/wp-content\/uploads\/2025\/05\/samt_begv_saint-alban_une.jpg\" \/>\n\t<meta property=\"og:image:width\" content=\"800\" \/>\n\t<meta property=\"og:image:height\" content=\"800\" \/>\n\t<meta property=\"og:image:type\" content=\"image\/jpeg\" \/>\n<meta name=\"twitter:card\" content=\"summary_large_image\" \/>\n<meta name=\"twitter:label1\" content=\"Written by\" \/>\n\t<meta name=\"twitter:data1\" content=\"Samt\" \/>\n\t<meta name=\"twitter:label2\" content=\"Estimated reading time\" \/>\n\t<meta name=\"twitter:data2\" content=\"1 minute\" \/>\n<!-- \/ Yoast SEO plugin. -->","yoast_head_json":{"robots":{"index":"index","follow":"follow","max-snippet":"max-snippet:-1","max-image-preview":"max-image-preview:large","max-video-preview":"max-video-preview:-1"},"canonical":"https:\/\/www.samt.fr\/en\/nouveau-chantier-batiment-dentreposage-des-generateurs-de-vapeur-begv-de-la-centrale-nucleaire-de-saint-alban-isere-france\/","og_locale":"en_GB","og_type":"article","og_title":"Nouveau chantier : B\u00e2timent d\u2019Entreposage des G\u00e9n\u00e9rateurs de Vapeur (BEGV) de la centrale nucl\u00e9aire de Saint-Alban, Is\u00e8re, France - SAMT","og_url":"https:\/\/www.samt.fr\/en\/nouveau-chantier-batiment-dentreposage-des-generateurs-de-vapeur-begv-de-la-centrale-nucleaire-de-saint-alban-isere-france\/","og_site_name":"SAMT","article_published_time":"2025-05-21T06:00:22+00:00","article_modified_time":"2025-05-21T07:25:09+00:00","og_image":[{"width":800,"height":800,"url":"https:\/\/www.samt.fr\/wp-content\/uploads\/2025\/05\/samt_begv_saint-alban_une.jpg","type":"image\/jpeg"}],"twitter_card":"summary_large_image","twitter_misc":{"Written by":"Samt","Estimated reading time":"1 minute"},"schema":{"@context":"https:\/\/schema.org","@graph":[{"@type":"WebSite","@id":"https:\/\/www.samt.fr\/#website","url":"https:\/\/www.samt.fr\/","name":"SAMT","description":"Les armaturiers qui r\u00eavent de b\u00e9ton transparent","inLanguage":"en-GB"},{"@type":"ImageObject","@id":"https:\/\/www.samt.fr\/nouveau-chantier-batiment-dentreposage-des-generateurs-de-vapeur-begv-de-la-centrale-nucleaire-de-saint-alban-isere-france\/#primaryimage","inLanguage":"en-GB","url":"https:\/\/www.samt.fr\/wp-content\/uploads\/2025\/05\/samt_begv_saint-alban_une.jpg","contentUrl":"https:\/\/www.samt.fr\/wp-content\/uploads\/2025\/05\/samt_begv_saint-alban_une.jpg","width":800,"height":800},{"@type":"WebPage","@id":"https:\/\/www.samt.fr\/nouveau-chantier-batiment-dentreposage-des-generateurs-de-vapeur-begv-de-la-centrale-nucleaire-de-saint-alban-isere-france\/#webpage","url":"https:\/\/www.samt.fr\/nouveau-chantier-batiment-dentreposage-des-generateurs-de-vapeur-begv-de-la-centrale-nucleaire-de-saint-alban-isere-france\/","name":"Nouveau chantier : B\u00e2timent d\u2019Entreposage des G\u00e9n\u00e9rateurs de Vapeur (BEGV) de la centrale nucl\u00e9aire de Saint-Alban, Is\u00e8re, France - SAMT","isPartOf":{"@id":"https:\/\/www.samt.fr\/#website"},"primaryImageOfPage":{"@id":"https:\/\/www.samt.fr\/nouveau-chantier-batiment-dentreposage-des-generateurs-de-vapeur-begv-de-la-centrale-nucleaire-de-saint-alban-isere-france\/#primaryimage"},"datePublished":"2025-05-21T06:00:22+00:00","dateModified":"2025-05-21T07:25:09+00:00","author":{"@id":"https:\/\/www.samt.fr\/#\/schema\/person\/8b1b75967ccf59ed92906f23a139c8e7"},"breadcrumb":{"@id":"https:\/\/www.samt.fr\/nouveau-chantier-batiment-dentreposage-des-generateurs-de-vapeur-begv-de-la-centrale-nucleaire-de-saint-alban-isere-france\/#breadcrumb"},"inLanguage":"en-GB","potentialAction":[{"@type":"ReadAction","target":["https:\/\/www.samt.fr\/nouveau-chantier-batiment-dentreposage-des-generateurs-de-vapeur-begv-de-la-centrale-nucleaire-de-saint-alban-isere-france\/"]}]},{"@type":"BreadcrumbList","@id":"https:\/\/www.samt.fr\/nouveau-chantier-batiment-dentreposage-des-generateurs-de-vapeur-begv-de-la-centrale-nucleaire-de-saint-alban-isere-france\/#breadcrumb","itemListElement":[{"@type":"ListItem","position":1,"name":"Accueil","item":"https:\/\/www.samt.fr\/"},{"@type":"ListItem","position":2,"name":"Actualit\u00e9s","item":"https:\/\/www.samt.fr\/.\/actualites\/"},{"@type":"ListItem","position":3,"name":"Nouveau chantier : B\u00e2timent d\u2019Entreposage des G\u00e9n\u00e9rateurs de Vapeur (BEGV) de la centrale nucl\u00e9aire de Saint-Alban, Is\u00e8re, France"}]},{"@type":"Person","@id":"https:\/\/www.samt.fr\/#\/schema\/person\/8b1b75967ccf59ed92906f23a139c8e7","name":"Samt","image":{"@type":"ImageObject","@id":"https:\/\/www.samt.fr\/#personlogo","inLanguage":"en-GB","url":"https:\/\/secure.gravatar.com\/avatar\/ecee8a87712839eaef2d1ff9f04e6e1aabcf7f21afbbb39382c1c05712229991?s=96&d=mm&r=g","contentUrl":"https:\/\/secure.gravatar.com\/avatar\/ecee8a87712839eaef2d1ff9f04e6e1aabcf7f21afbbb39382c1c05712229991?s=96&d=mm&r=g","caption":"Samt"},"sameAs":["https:\/\/www.samt.fr"],"url":"https:\/\/www.samt.fr\/en\/author\/samt\/"}]}},"_links":{"self":[{"href":"https:\/\/www.samt.fr\/en\/wp-json\/wp\/v2\/posts\/1538","targetHints":{"allow":["GET"]}}],"collection":[{"href":"https:\/\/www.samt.fr\/en\/wp-json\/wp\/v2\/posts"}],"about":[{"href":"https:\/\/www.samt.fr\/en\/wp-json\/wp\/v2\/types\/post"}],"author":[{"embeddable":true,"href":"https:\/\/www.samt.fr\/en\/wp-json\/wp\/v2\/users\/1"}],"replies":[{"embeddable":true,"href":"https:\/\/www.samt.fr\/en\/wp-json\/wp\/v2\/comments?post=1538"}],"version-history":[{"count":1,"href":"https:\/\/www.samt.fr\/en\/wp-json\/wp\/v2\/posts\/1538\/revisions"}],"predecessor-version":[{"id":1541,"href":"https:\/\/www.samt.fr\/en\/wp-json\/wp\/v2\/posts\/1538\/revisions\/1541"}],"wp:featuredmedia":[{"embeddable":true,"href":"https:\/\/www.samt.fr\/en\/wp-json\/wp\/v2\/media\/1539"}],"wp:attachment":[{"href":"https:\/\/www.samt.fr\/en\/wp-json\/wp\/v2\/media?parent=1538"}],"wp:term":[{"taxonomy":"category","embeddable":true,"href":"https:\/\/www.samt.fr\/en\/wp-json\/wp\/v2\/categories?post=1538"},{"taxonomy":"post_tag","embeddable":true,"href":"https:\/\/www.samt.fr\/en\/wp-json\/wp\/v2\/tags?post=1538"}],"curies":[{"name":"wp","href":"https:\/\/api.w.org\/{rel}","templated":true}]}}