{"id":174,"date":"2016-09-02T15:29:46","date_gmt":"2016-09-02T13:29:46","guid":{"rendered":"https:\/\/www.samt.fr\/?p=174"},"modified":"2021-10-20T16:32:04","modified_gmt":"2021-10-20T14:32:04","slug":"armaturier-un-veritable-metier-dart","status":"publish","type":"post","link":"https:\/\/www.samt.fr\/en\/armaturier-un-veritable-metier-dart\/","title":{"rendered":"Armaturier, un v\u00e9ritable m\u00e9tier d&rsquo;art"},"content":{"rendered":"<p>Un tr\u00e8s bel article sur notre m\u00e9tier, paru aujourd&rsquo;hui, dans le suppl\u00e9ment NRL du Journal de l&rsquo;\u00eele de la R\u00e9union.<\/p>\n<p>\u00ab\u00a0Armaturier, un v\u00e9ritable m\u00e9tier d&rsquo;art<br \/>\nPr\u00e9sent ou Panama, ou Qatar, ou Cameroun, la SAMT laisse ses marques sur le monde entier en travaillant sur des chantiers exceptionnels. En premi\u00e8re ligne dons la r\u00e9alisation de la Nouvelle Route du Littoral,\u00a0 l&rsquo;entreprise nous accueille ou sein de l&rsquo;usine de pr\u00e9fabrication des \u00e9l\u00e9ments du Viaduc du Littoral ou Port&#8230;\u00a0\u00bb<\/p>\n<p><a href=\"https:\/\/www.samt.fr\/wp-content\/uploads\/2021\/10\/NRL_armaturier_un_veritable_metier_d_art.pdf\" target=\"_blank\" rel=\"noopener\">Lire l&rsquo;article du suppl\u00e9ment Nouvelle Route du Littoral du Jir<\/a><\/p>","protected":false},"excerpt":{"rendered":"<p>Un tr\u00e8s bel article sur notre m\u00e9tier, paru aujourd&rsquo;hui, dans le suppl\u00e9ment NRL du Journal de [&hellip;]<\/p>","protected":false},"author":1,"featured_media":176,"comment_status":"closed","ping_status":"closed","sticky":false,"template":"","format":"standard","meta":{"footnotes":""},"categories":[1],"tags":[],"class_list":["post-174","post","type-post","status-publish","format-standard","hentry","category-actualites"],"yoast_head":"<!-- This site is optimized with the Yoast SEO plugin v18.0 - https:\/\/yoast.com\/wordpress\/plugins\/seo\/ -->\n<meta name=\"robots\" content=\"index, follow, max-snippet:-1, max-image-preview:large, max-video-preview:-1\" \/>\n<link rel=\"canonical\" href=\"https:\/\/www.samt.fr\/en\/armaturier-un-veritable-metier-dart\/\" \/>\n<meta property=\"og:locale\" content=\"en_GB\" \/>\n<meta property=\"og:type\" content=\"article\" \/>\n<meta property=\"og:title\" content=\"Armaturier, un v\u00e9ritable m\u00e9tier d&#039;art - SAMT\" \/>\n<meta property=\"og:description\" content=\"Un tr\u00e8s bel article sur notre m\u00e9tier, paru aujourd&rsquo;hui, dans le suppl\u00e9ment NRL du Journal de [&hellip;]\" \/>\n<meta property=\"og:url\" content=\"https:\/\/www.samt.fr\/en\/armaturier-un-veritable-metier-dart\/\" \/>\n<meta property=\"og:site_name\" content=\"SAMT\" \/>\n<meta property=\"article:published_time\" content=\"2016-09-02T13:29:46+00:00\" \/>\n<meta property=\"article:modified_time\" content=\"2021-10-20T14:32:04+00:00\" \/>\n<meta property=\"og:image\" content=\"https:\/\/www.samt.fr\/wp-content\/uploads\/2021\/10\/armaturier-veritable-metier-d-art-resized-400x256-1.jpeg\" \/>\n\t<meta property=\"og:image:width\" content=\"400\" \/>\n\t<meta property=\"og:image:height\" content=\"256\" \/>\n\t<meta property=\"og:image:type\" content=\"image\/jpeg\" \/>\n<meta name=\"twitter:card\" content=\"summary_large_image\" \/>\n<meta name=\"twitter:label1\" content=\"Written by\" \/>\n\t<meta name=\"twitter:data1\" content=\"Samt\" \/>\n<!-- \/ Yoast SEO plugin. -->","yoast_head_json":{"robots":{"index":"index","follow":"follow","max-snippet":"max-snippet:-1","max-image-preview":"max-image-preview:large","max-video-preview":"max-video-preview:-1"},"canonical":"https:\/\/www.samt.fr\/en\/armaturier-un-veritable-metier-dart\/","og_locale":"en_GB","og_type":"article","og_title":"Armaturier, un v\u00e9ritable m\u00e9tier d'art - SAMT","og_description":"Un tr\u00e8s bel article sur notre m\u00e9tier, paru aujourd&rsquo;hui, dans le suppl\u00e9ment NRL du Journal de [&hellip;]","og_url":"https:\/\/www.samt.fr\/en\/armaturier-un-veritable-metier-dart\/","og_site_name":"SAMT","article_published_time":"2016-09-02T13:29:46+00:00","article_modified_time":"2021-10-20T14:32:04+00:00","og_image":[{"width":400,"height":256,"url":"https:\/\/www.samt.fr\/wp-content\/uploads\/2021\/10\/armaturier-veritable-metier-d-art-resized-400x256-1.jpeg","type":"image\/jpeg"}],"twitter_card":"summary_large_image","twitter_misc":{"Written by":"Samt"},"schema":{"@context":"https:\/\/schema.org","@graph":[{"@type":"WebSite","@id":"https:\/\/www.samt.fr\/#website","url":"https:\/\/www.samt.fr\/","name":"SAMT","description":"Les armaturiers qui r\u00eavent de b\u00e9ton transparent","inLanguage":"en-GB"},{"@type":"ImageObject","@id":"https:\/\/www.samt.fr\/en\/armaturier-un-veritable-metier-dart\/#primaryimage","inLanguage":"en-GB","url":"https:\/\/www.samt.fr\/wp-content\/uploads\/2021\/10\/armaturier-veritable-metier-d-art-resized-400x256-1.jpeg","contentUrl":"https:\/\/www.samt.fr\/wp-content\/uploads\/2021\/10\/armaturier-veritable-metier-d-art-resized-400x256-1.jpeg","width":400,"height":256},{"@type":"WebPage","@id":"https:\/\/www.samt.fr\/en\/armaturier-un-veritable-metier-dart\/#webpage","url":"https:\/\/www.samt.fr\/en\/armaturier-un-veritable-metier-dart\/","name":"Armaturier, un v\u00e9ritable m\u00e9tier d'art - SAMT","isPartOf":{"@id":"https:\/\/www.samt.fr\/#website"},"primaryImageOfPage":{"@id":"https:\/\/www.samt.fr\/en\/armaturier-un-veritable-metier-dart\/#primaryimage"},"datePublished":"2016-09-02T13:29:46+00:00","dateModified":"2021-10-20T14:32:04+00:00","author":{"@id":"https:\/\/www.samt.fr\/#\/schema\/person\/8b1b75967ccf59ed92906f23a139c8e7"},"breadcrumb":{"@id":"https:\/\/www.samt.fr\/en\/armaturier-un-veritable-metier-dart\/#breadcrumb"},"inLanguage":"en-GB","potentialAction":[{"@type":"ReadAction","target":["https:\/\/www.samt.fr\/en\/armaturier-un-veritable-metier-dart\/"]}]},{"@type":"BreadcrumbList","@id":"https:\/\/www.samt.fr\/en\/armaturier-un-veritable-metier-dart\/#breadcrumb","itemListElement":[{"@type":"ListItem","position":1,"name":"Accueil","item":"https:\/\/www.samt.fr\/"},{"@type":"ListItem","position":2,"name":"Actualit\u00e9s","item":"https:\/\/www.samt.fr\/.\/actualites\/"},{"@type":"ListItem","position":3,"name":"Armaturier, un v\u00e9ritable m\u00e9tier d&rsquo;art"}]},{"@type":"Person","@id":"https:\/\/www.samt.fr\/#\/schema\/person\/8b1b75967ccf59ed92906f23a139c8e7","name":"Samt","image":{"@type":"ImageObject","@id":"https:\/\/www.samt.fr\/#personlogo","inLanguage":"en-GB","url":"https:\/\/secure.gravatar.com\/avatar\/ecee8a87712839eaef2d1ff9f04e6e1aabcf7f21afbbb39382c1c05712229991?s=96&d=mm&r=g","contentUrl":"https:\/\/secure.gravatar.com\/avatar\/ecee8a87712839eaef2d1ff9f04e6e1aabcf7f21afbbb39382c1c05712229991?s=96&d=mm&r=g","caption":"Samt"},"sameAs":["https:\/\/www.samt.fr"],"url":"https:\/\/www.samt.fr\/en\/author\/samt\/"}]}},"_links":{"self":[{"href":"https:\/\/www.samt.fr\/en\/wp-json\/wp\/v2\/posts\/174","targetHints":{"allow":["GET"]}}],"collection":[{"href":"https:\/\/www.samt.fr\/en\/wp-json\/wp\/v2\/posts"}],"about":[{"href":"https:\/\/www.samt.fr\/en\/wp-json\/wp\/v2\/types\/post"}],"author":[{"embeddable":true,"href":"https:\/\/www.samt.fr\/en\/wp-json\/wp\/v2\/users\/1"}],"replies":[{"embeddable":true,"href":"https:\/\/www.samt.fr\/en\/wp-json\/wp\/v2\/comments?post=174"}],"version-history":[{"count":1,"href":"https:\/\/www.samt.fr\/en\/wp-json\/wp\/v2\/posts\/174\/revisions"}],"predecessor-version":[{"id":177,"href":"https:\/\/www.samt.fr\/en\/wp-json\/wp\/v2\/posts\/174\/revisions\/177"}],"wp:featuredmedia":[{"embeddable":true,"href":"https:\/\/www.samt.fr\/en\/wp-json\/wp\/v2\/media\/176"}],"wp:attachment":[{"href":"https:\/\/www.samt.fr\/en\/wp-json\/wp\/v2\/media?parent=174"}],"wp:term":[{"taxonomy":"category","embeddable":true,"href":"https:\/\/www.samt.fr\/en\/wp-json\/wp\/v2\/categories?post=174"},{"taxonomy":"post_tag","embeddable":true,"href":"https:\/\/www.samt.fr\/en\/wp-json\/wp\/v2\/tags?post=174"}],"curies":[{"name":"wp","href":"https:\/\/api.w.org\/{rel}","templated":true}]}}