{"id":185,"date":"2017-01-27T15:35:10","date_gmt":"2017-01-27T14:35:10","guid":{"rendered":"https:\/\/www.samt.fr\/?p=185"},"modified":"2021-10-20T16:32:04","modified_gmt":"2021-10-20T14:32:04","slug":"des-reunionnais-engages","status":"publish","type":"post","link":"https:\/\/www.samt.fr\/en\/des-reunionnais-engages\/","title":{"rendered":"Des R\u00e9unionnais engag\u00e9s !"},"content":{"rendered":"<div class=\"vc_row wpb_row vc_row-fluid\"><div class=\"wpb_column vc_column_container vc_col-sm-12\"><div class=\"vc_column-inner\"><div class=\"wpb_wrapper\">\n\t<div class=\"wpb_text_column wpb_content_element\" >\n\t\t<div class=\"wpb_wrapper\">\n\t\t\t<p>Un armaturier au travail sur le panneau appos\u00e9 par la R\u00e9gion \u00e0 l\u2019entr\u00e9e du chantier de la NRL.<\/p>\n\n\t\t<\/div>\n\t<\/div>\n<\/div><\/div><\/div><\/div><div class=\"vc_row wpb_row vc_row-fluid\"><div class=\"wpb_column vc_column_container vc_col-sm-3\"><div class=\"vc_column-inner\"><div class=\"wpb_wrapper\"><\/div><\/div><\/div><div class=\"wpb_column vc_column_container vc_col-sm-6\"><div class=\"vc_column-inner\"><div class=\"wpb_wrapper\">\n\t<div  class=\"wpb_single_image wpb_content_element vc_align_center\">\n\t\t\n\t\t<figure class=\"wpb_wrapper vc_figure\">\n\t\t\t<div class=\"vc_single_image-wrapper   vc_box_border_grey\"><img loading=\"lazy\" decoding=\"async\" width=\"1140\" height=\"855\" src=\"https:\/\/www.samt.fr\/wp-content\/uploads\/2017\/01\/affiche_region_nrl_la_reunion.jpeg\" class=\"vc_single_image-img attachment-full\" alt=\"\" \/><\/div>\n\t\t<\/figure>\n\t<\/div>\n<\/div><\/div><\/div><div class=\"wpb_column vc_column_container vc_col-sm-3\"><div class=\"vc_column-inner\"><div class=\"wpb_wrapper\"><\/div><\/div><\/div><\/div>","protected":false},"excerpt":{"rendered":"Un armaturier au travail sur le panneau appos\u00e9 par la R\u00e9gion \u00e0 l\u2019entr\u00e9e du chantier de [...]","protected":false},"author":1,"featured_media":186,"comment_status":"closed","ping_status":"closed","sticky":false,"template":"","format":"standard","meta":{"footnotes":""},"categories":[1],"tags":[],"class_list":["post-185","post","type-post","status-publish","format-standard","hentry","category-actualites"],"yoast_head":"<!-- This site is optimized with the Yoast SEO plugin v18.0 - https:\/\/yoast.com\/wordpress\/plugins\/seo\/ -->\n<meta name=\"robots\" content=\"index, follow, max-snippet:-1, max-image-preview:large, max-video-preview:-1\" \/>\n<link rel=\"canonical\" href=\"http:\/\/www.samt.fr\/en\/des-reunionnais-engages\/\" \/>\n<meta property=\"og:locale\" content=\"en_GB\" \/>\n<meta property=\"og:type\" content=\"article\" \/>\n<meta property=\"og:title\" content=\"Des R\u00e9unionnais engag\u00e9s ! - SAMT\" \/>\n<meta property=\"og:url\" content=\"http:\/\/www.samt.fr\/en\/des-reunionnais-engages\/\" \/>\n<meta property=\"og:site_name\" content=\"SAMT\" \/>\n<meta property=\"article:published_time\" content=\"2017-01-27T14:35:10+00:00\" \/>\n<meta property=\"article:modified_time\" content=\"2021-10-20T14:32:04+00:00\" \/>\n<meta property=\"og:image\" content=\"https:\/\/www.samt.fr\/wp-content\/uploads\/2021\/10\/affiche-region-nrl-la-reunion-zoom-resized-400x256-1.jpeg\" \/>\n\t<meta property=\"og:image:width\" content=\"400\" \/>\n\t<meta property=\"og:image:height\" content=\"256\" \/>\n\t<meta property=\"og:image:type\" content=\"image\/jpeg\" \/>\n<meta name=\"twitter:card\" content=\"summary_large_image\" \/>\n<meta name=\"twitter:label1\" content=\"Written by\" \/>\n\t<meta name=\"twitter:data1\" content=\"Samt\" \/>\n<!-- \/ Yoast SEO plugin. -->","yoast_head_json":{"robots":{"index":"index","follow":"follow","max-snippet":"max-snippet:-1","max-image-preview":"max-image-preview:large","max-video-preview":"max-video-preview:-1"},"canonical":"http:\/\/www.samt.fr\/en\/des-reunionnais-engages\/","og_locale":"en_GB","og_type":"article","og_title":"Des R\u00e9unionnais engag\u00e9s ! - SAMT","og_url":"http:\/\/www.samt.fr\/en\/des-reunionnais-engages\/","og_site_name":"SAMT","article_published_time":"2017-01-27T14:35:10+00:00","article_modified_time":"2021-10-20T14:32:04+00:00","og_image":[{"width":400,"height":256,"url":"https:\/\/www.samt.fr\/wp-content\/uploads\/2021\/10\/affiche-region-nrl-la-reunion-zoom-resized-400x256-1.jpeg","type":"image\/jpeg"}],"twitter_card":"summary_large_image","twitter_misc":{"Written by":"Samt"},"schema":{"@context":"https:\/\/schema.org","@graph":[{"@type":"WebSite","@id":"https:\/\/www.samt.fr\/#website","url":"https:\/\/www.samt.fr\/","name":"SAMT","description":"Les armaturiers qui r\u00eavent de b\u00e9ton transparent","inLanguage":"en-GB"},{"@type":"ImageObject","@id":"http:\/\/www.samt.fr\/en\/des-reunionnais-engages\/#primaryimage","inLanguage":"en-GB","url":"https:\/\/www.samt.fr\/wp-content\/uploads\/2021\/10\/affiche-region-nrl-la-reunion-zoom-resized-400x256-1.jpeg","contentUrl":"https:\/\/www.samt.fr\/wp-content\/uploads\/2021\/10\/affiche-region-nrl-la-reunion-zoom-resized-400x256-1.jpeg","width":400,"height":256},{"@type":"WebPage","@id":"http:\/\/www.samt.fr\/en\/des-reunionnais-engages\/#webpage","url":"http:\/\/www.samt.fr\/en\/des-reunionnais-engages\/","name":"Des R\u00e9unionnais engag\u00e9s ! - SAMT","isPartOf":{"@id":"https:\/\/www.samt.fr\/#website"},"primaryImageOfPage":{"@id":"http:\/\/www.samt.fr\/en\/des-reunionnais-engages\/#primaryimage"},"datePublished":"2017-01-27T14:35:10+00:00","dateModified":"2021-10-20T14:32:04+00:00","author":{"@id":"https:\/\/www.samt.fr\/#\/schema\/person\/8b1b75967ccf59ed92906f23a139c8e7"},"breadcrumb":{"@id":"http:\/\/www.samt.fr\/en\/des-reunionnais-engages\/#breadcrumb"},"inLanguage":"en-GB","potentialAction":[{"@type":"ReadAction","target":["http:\/\/www.samt.fr\/en\/des-reunionnais-engages\/"]}]},{"@type":"BreadcrumbList","@id":"http:\/\/www.samt.fr\/en\/des-reunionnais-engages\/#breadcrumb","itemListElement":[{"@type":"ListItem","position":1,"name":"Accueil","item":"https:\/\/www.samt.fr\/"},{"@type":"ListItem","position":2,"name":"Actualit\u00e9s","item":"https:\/\/www.samt.fr\/.\/actualites\/"},{"@type":"ListItem","position":3,"name":"Des R\u00e9unionnais engag\u00e9s !"}]},{"@type":"Person","@id":"https:\/\/www.samt.fr\/#\/schema\/person\/8b1b75967ccf59ed92906f23a139c8e7","name":"Samt","image":{"@type":"ImageObject","@id":"https:\/\/www.samt.fr\/#personlogo","inLanguage":"en-GB","url":"https:\/\/secure.gravatar.com\/avatar\/ecee8a87712839eaef2d1ff9f04e6e1aabcf7f21afbbb39382c1c05712229991?s=96&d=mm&r=g","contentUrl":"https:\/\/secure.gravatar.com\/avatar\/ecee8a87712839eaef2d1ff9f04e6e1aabcf7f21afbbb39382c1c05712229991?s=96&d=mm&r=g","caption":"Samt"},"sameAs":["https:\/\/www.samt.fr"],"url":"https:\/\/www.samt.fr\/en\/author\/samt\/"}]}},"_links":{"self":[{"href":"https:\/\/www.samt.fr\/en\/wp-json\/wp\/v2\/posts\/185","targetHints":{"allow":["GET"]}}],"collection":[{"href":"https:\/\/www.samt.fr\/en\/wp-json\/wp\/v2\/posts"}],"about":[{"href":"https:\/\/www.samt.fr\/en\/wp-json\/wp\/v2\/types\/post"}],"author":[{"embeddable":true,"href":"https:\/\/www.samt.fr\/en\/wp-json\/wp\/v2\/users\/1"}],"replies":[{"embeddable":true,"href":"https:\/\/www.samt.fr\/en\/wp-json\/wp\/v2\/comments?post=185"}],"version-history":[{"count":2,"href":"https:\/\/www.samt.fr\/en\/wp-json\/wp\/v2\/posts\/185\/revisions"}],"predecessor-version":[{"id":189,"href":"https:\/\/www.samt.fr\/en\/wp-json\/wp\/v2\/posts\/185\/revisions\/189"}],"wp:featuredmedia":[{"embeddable":true,"href":"https:\/\/www.samt.fr\/en\/wp-json\/wp\/v2\/media\/186"}],"wp:attachment":[{"href":"https:\/\/www.samt.fr\/en\/wp-json\/wp\/v2\/media?parent=185"}],"wp:term":[{"taxonomy":"category","embeddable":true,"href":"https:\/\/www.samt.fr\/en\/wp-json\/wp\/v2\/categories?post=185"},{"taxonomy":"post_tag","embeddable":true,"href":"https:\/\/www.samt.fr\/en\/wp-json\/wp\/v2\/tags?post=185"}],"curies":[{"name":"wp","href":"https:\/\/api.w.org\/{rel}","templated":true}]}}