{"id":23,"date":"2012-05-01T12:20:15","date_gmt":"2012-05-01T10:20:15","guid":{"rendered":"https:\/\/www.samt.fr\/?p=23"},"modified":"2021-10-20T16:32:05","modified_gmt":"2021-10-20T14:32:05","slug":"journee-portes-ouvertes-le-5-avril-2013-le-port-ile-de-la-reunion","status":"publish","type":"post","link":"https:\/\/www.samt.fr\/en\/journee-portes-ouvertes-le-5-avril-2013-le-port-ile-de-la-reunion\/","title":{"rendered":"Open-day SAMT Oc\u00e9an Indien, 5th of April 2013 (Le Port, Reunion island)"},"content":{"rendered":"<p>We have so much to tell you about our craft, our challenges, our pride, our work over the last few years. Come and meet us at our factory at Le Port in La Reunion on friday 5th of april 2013. We are organising an open-day to tell, explain and share our passion\u2026<\/p>\n<p>For information +262 (0)2 62 55 47 10.<br \/>\nwww.samt-ocean-indien.com<\/p>","protected":false},"excerpt":{"rendered":"<p>We have so much to tell you about our craft, our challenges, our pride, our work [\u2026]<\/p>","protected":false},"author":1,"featured_media":24,"comment_status":"closed","ping_status":"closed","sticky":false,"template":"","format":"standard","meta":{"footnotes":""},"categories":[1],"tags":[],"class_list":["post-23","post","type-post","status-publish","format-standard","hentry","category-actualites"],"yoast_head":"<!-- This site is optimized with the Yoast SEO plugin v18.0 - https:\/\/yoast.com\/wordpress\/plugins\/seo\/ -->\n<meta name=\"robots\" content=\"index, follow, max-snippet:-1, max-image-preview:large, max-video-preview:-1\" \/>\n<link rel=\"canonical\" href=\"http:\/\/www.samt.fr\/en\/journee-portes-ouvertes-le-5-avril-2013-le-port-ile-de-la-reunion\/\" \/>\n<meta property=\"og:locale\" content=\"en_GB\" \/>\n<meta property=\"og:type\" content=\"article\" \/>\n<meta property=\"og:title\" content=\"Journ\u00e9e Portes Ouvertes le 5 avril 2013, Le Port (\u00eele de la R\u00e9union) - SAMT\" \/>\n<meta property=\"og:description\" content=\"On a tellement de choses \u00e0 vous raconter, \u00e0 propos de notre m\u00e9tier, de nos d\u00e9fis, [&hellip;]\" \/>\n<meta property=\"og:url\" content=\"http:\/\/www.samt.fr\/en\/journee-portes-ouvertes-le-5-avril-2013-le-port-ile-de-la-reunion\/\" \/>\n<meta property=\"og:site_name\" content=\"SAMT\" \/>\n<meta property=\"article:published_time\" content=\"2012-05-01T10:20:15+00:00\" \/>\n<meta property=\"article:modified_time\" content=\"2021-10-20T14:32:05+00:00\" \/>\n<meta property=\"og:image\" content=\"https:\/\/www.samt.fr\/wp-content\/uploads\/2021\/10\/jpo-201304-resized-400x256-1.jpeg\" \/>\n\t<meta property=\"og:image:width\" content=\"400\" \/>\n\t<meta property=\"og:image:height\" content=\"256\" \/>\n\t<meta property=\"og:image:type\" content=\"image\/jpeg\" \/>\n<meta name=\"twitter:card\" content=\"summary_large_image\" \/>\n<meta name=\"twitter:label1\" content=\"Written by\" \/>\n\t<meta name=\"twitter:data1\" content=\"Samt\" \/>\n<!-- \/ Yoast SEO plugin. -->","yoast_head_json":{"robots":{"index":"index","follow":"follow","max-snippet":"max-snippet:-1","max-image-preview":"max-image-preview:large","max-video-preview":"max-video-preview:-1"},"canonical":"http:\/\/www.samt.fr\/en\/journee-portes-ouvertes-le-5-avril-2013-le-port-ile-de-la-reunion\/","og_locale":"en_GB","og_type":"article","og_title":"Journ\u00e9e Portes Ouvertes le 5 avril 2013, Le Port (\u00eele de la R\u00e9union) - SAMT","og_description":"On a tellement de choses \u00e0 vous raconter, \u00e0 propos de notre m\u00e9tier, de nos d\u00e9fis, [&hellip;]","og_url":"http:\/\/www.samt.fr\/en\/journee-portes-ouvertes-le-5-avril-2013-le-port-ile-de-la-reunion\/","og_site_name":"SAMT","article_published_time":"2012-05-01T10:20:15+00:00","article_modified_time":"2021-10-20T14:32:05+00:00","og_image":[{"width":400,"height":256,"url":"https:\/\/www.samt.fr\/wp-content\/uploads\/2021\/10\/jpo-201304-resized-400x256-1.jpeg","type":"image\/jpeg"}],"twitter_card":"summary_large_image","twitter_misc":{"Written by":"Samt"},"schema":{"@context":"https:\/\/schema.org","@graph":[{"@type":"WebSite","@id":"https:\/\/www.samt.fr\/#website","url":"https:\/\/www.samt.fr\/","name":"SAMT","description":"Les armaturiers qui r\u00eavent de b\u00e9ton transparent","inLanguage":"en-GB"},{"@type":"ImageObject","@id":"http:\/\/www.samt.fr\/en\/journee-portes-ouvertes-le-5-avril-2013-le-port-ile-de-la-reunion\/#primaryimage","inLanguage":"en-GB","url":"https:\/\/www.samt.fr\/wp-content\/uploads\/2021\/10\/jpo-201304-resized-400x256-1.jpeg","contentUrl":"https:\/\/www.samt.fr\/wp-content\/uploads\/2021\/10\/jpo-201304-resized-400x256-1.jpeg","width":400,"height":256},{"@type":"WebPage","@id":"http:\/\/www.samt.fr\/en\/journee-portes-ouvertes-le-5-avril-2013-le-port-ile-de-la-reunion\/#webpage","url":"http:\/\/www.samt.fr\/en\/journee-portes-ouvertes-le-5-avril-2013-le-port-ile-de-la-reunion\/","name":"Journ\u00e9e Portes Ouvertes le 5 avril 2013, Le Port (\u00eele de la R\u00e9union) - SAMT","isPartOf":{"@id":"https:\/\/www.samt.fr\/#website"},"primaryImageOfPage":{"@id":"http:\/\/www.samt.fr\/en\/journee-portes-ouvertes-le-5-avril-2013-le-port-ile-de-la-reunion\/#primaryimage"},"datePublished":"2012-05-01T10:20:15+00:00","dateModified":"2021-10-20T14:32:05+00:00","author":{"@id":"https:\/\/www.samt.fr\/#\/schema\/person\/8b1b75967ccf59ed92906f23a139c8e7"},"breadcrumb":{"@id":"http:\/\/www.samt.fr\/en\/journee-portes-ouvertes-le-5-avril-2013-le-port-ile-de-la-reunion\/#breadcrumb"},"inLanguage":"en-GB","potentialAction":[{"@type":"ReadAction","target":["http:\/\/www.samt.fr\/en\/journee-portes-ouvertes-le-5-avril-2013-le-port-ile-de-la-reunion\/"]}]},{"@type":"BreadcrumbList","@id":"http:\/\/www.samt.fr\/en\/journee-portes-ouvertes-le-5-avril-2013-le-port-ile-de-la-reunion\/#breadcrumb","itemListElement":[{"@type":"ListItem","position":1,"name":"Accueil","item":"https:\/\/www.samt.fr\/"},{"@type":"ListItem","position":2,"name":"Actualit\u00e9s","item":"https:\/\/www.samt.fr\/.\/actualites\/"},{"@type":"ListItem","position":3,"name":"Journ\u00e9e Portes Ouvertes le 5 avril 2013, Le Port (\u00eele de la R\u00e9union)"}]},{"@type":"Person","@id":"https:\/\/www.samt.fr\/#\/schema\/person\/8b1b75967ccf59ed92906f23a139c8e7","name":"Samt","image":{"@type":"ImageObject","@id":"https:\/\/www.samt.fr\/#personlogo","inLanguage":"en-GB","url":"https:\/\/secure.gravatar.com\/avatar\/ecee8a87712839eaef2d1ff9f04e6e1aabcf7f21afbbb39382c1c05712229991?s=96&d=mm&r=g","contentUrl":"https:\/\/secure.gravatar.com\/avatar\/ecee8a87712839eaef2d1ff9f04e6e1aabcf7f21afbbb39382c1c05712229991?s=96&d=mm&r=g","caption":"Samt"},"sameAs":["https:\/\/www.samt.fr"],"url":"https:\/\/www.samt.fr\/en\/author\/samt\/"}]}},"_links":{"self":[{"href":"https:\/\/www.samt.fr\/en\/wp-json\/wp\/v2\/posts\/23","targetHints":{"allow":["GET"]}}],"collection":[{"href":"https:\/\/www.samt.fr\/en\/wp-json\/wp\/v2\/posts"}],"about":[{"href":"https:\/\/www.samt.fr\/en\/wp-json\/wp\/v2\/types\/post"}],"author":[{"embeddable":true,"href":"https:\/\/www.samt.fr\/en\/wp-json\/wp\/v2\/users\/1"}],"replies":[{"embeddable":true,"href":"https:\/\/www.samt.fr\/en\/wp-json\/wp\/v2\/comments?post=23"}],"version-history":[{"count":1,"href":"https:\/\/www.samt.fr\/en\/wp-json\/wp\/v2\/posts\/23\/revisions"}],"predecessor-version":[{"id":25,"href":"https:\/\/www.samt.fr\/en\/wp-json\/wp\/v2\/posts\/23\/revisions\/25"}],"wp:featuredmedia":[{"embeddable":true,"href":"https:\/\/www.samt.fr\/en\/wp-json\/wp\/v2\/media\/24"}],"wp:attachment":[{"href":"https:\/\/www.samt.fr\/en\/wp-json\/wp\/v2\/media?parent=23"}],"wp:term":[{"taxonomy":"category","embeddable":true,"href":"https:\/\/www.samt.fr\/en\/wp-json\/wp\/v2\/categories?post=23"},{"taxonomy":"post_tag","embeddable":true,"href":"https:\/\/www.samt.fr\/en\/wp-json\/wp\/v2\/tags?post=23"}],"curies":[{"name":"wp","href":"https:\/\/api.w.org\/{rel}","templated":true}]}}