{"id":56,"date":"2013-06-10T12:30:50","date_gmt":"2013-06-10T10:30:50","guid":{"rendered":"https:\/\/www.samt.fr\/?p=56"},"modified":"2021-10-20T16:32:05","modified_gmt":"2021-10-20T14:32:05","slug":"inauguration-du-pont-de-la-riviere-saint-etienne-ile-de-la-reunion","status":"publish","type":"post","link":"https:\/\/www.samt.fr\/en\/inauguration-du-pont-de-la-riviere-saint-etienne-ile-de-la-reunion\/","title":{"rendered":"Bridge over the river Saint-\u00c9tienne (Reunion island)"},"content":{"rendered":"<p>The Armaturiers (reinforcement specialists) in Reunion Island signed off a beautiful structure on the island, by a Vinci Construction subsidiaries, the bridge over the river Saint-Etienne.<br \/>\nA further recognition for this unknown and futuristic craft.<\/p>\n<p>For 32 months, from March 2010 to November 2012, the SAMT Ocean Indien reinforcement specialists had worked on this imposant project, which connects the two towns of Saint-Louis and Saint-Pierre.<br \/>\n\u201cWe have used 4020 tons of steel reinforcement, from the foundations to the road base (all the reinforcement coming from our factory in Le Port). And also some 25 km of inspections hatches in the foundations and some 20 km concrete cooling pipes. This represents more than 16000 hours of work in our factory plus 70000 hours on site. The equivalent of 16 people working full time for 32 months. The result fulfilled everyone\u2019s ambition. The Armaturiers, even though their work is \u201cburied\u201d in concrete, feed off a real passion for these bridges and viaducts, always being exceptional technical and human challenge.\u201d said Frederic Thirion, Managing Director of SAMT Ocean Indien.<\/p>\n<p>A technical and human challenge<br \/>\nA 9 spans bridge (2 abuttments and 8 uprights) 695m long, variable width from 21,70m at Saint-Pierre to 34,15m at Saint-Louis.<\/p>\n<p><a href=\"https:\/\/www.samt.fr\/wp-content\/uploads\/2021\/10\/dp_inauguration_pont_saint-etienne_la_reunion.pdf\">Download the press release (in french)<\/a><\/p>","protected":false},"excerpt":{"rendered":"<p>The Armaturiers (reinforcement specialists) in Reunion Island signed off a beautiful structure on the island, by [...]<\/p>","protected":false},"author":1,"featured_media":57,"comment_status":"closed","ping_status":"closed","sticky":false,"template":"","format":"standard","meta":{"footnotes":""},"categories":[1],"tags":[],"class_list":["post-56","post","type-post","status-publish","format-standard","hentry","category-actualites"],"yoast_head":"<!-- This site is optimized with the Yoast SEO plugin v18.0 - https:\/\/yoast.com\/wordpress\/plugins\/seo\/ -->\n<meta name=\"robots\" content=\"index, follow, max-snippet:-1, max-image-preview:large, max-video-preview:-1\" \/>\n<link rel=\"canonical\" href=\"https:\/\/www.samt.fr\/en\/inauguration-du-pont-de-la-riviere-saint-etienne-ile-de-la-reunion\/\" \/>\n<meta property=\"og:locale\" content=\"en_GB\" \/>\n<meta property=\"og:type\" content=\"article\" \/>\n<meta property=\"og:title\" content=\"Inauguration du pont de la rivi\u00e8re Saint-\u00c9tienne (\u00eele de la R\u00e9union) - SAMT\" \/>\n<meta property=\"og:description\" content=\"Les Armaturiers de La R\u00e9union signent un tr\u00e8s bel ouvrage sur l\u2019\u00eele, r\u00e9alis\u00e9 par un groupement [&hellip;]\" \/>\n<meta property=\"og:url\" content=\"https:\/\/www.samt.fr\/en\/inauguration-du-pont-de-la-riviere-saint-etienne-ile-de-la-reunion\/\" \/>\n<meta property=\"og:site_name\" content=\"SAMT\" \/>\n<meta property=\"article:published_time\" content=\"2013-06-10T10:30:50+00:00\" \/>\n<meta property=\"article:modified_time\" content=\"2021-10-20T14:32:05+00:00\" \/>\n<meta property=\"og:image\" content=\"https:\/\/www.samt.fr\/wp-content\/uploads\/2021\/10\/cp-pont-riviere-saint-etienne-resized-400x256-1.jpeg\" \/>\n\t<meta property=\"og:image:width\" content=\"400\" \/>\n\t<meta property=\"og:image:height\" content=\"256\" \/>\n\t<meta property=\"og:image:type\" content=\"image\/jpeg\" \/>\n<meta name=\"twitter:card\" content=\"summary_large_image\" \/>\n<meta name=\"twitter:label1\" content=\"Written by\" \/>\n\t<meta name=\"twitter:data1\" content=\"Samt\" \/>\n\t<meta name=\"twitter:label2\" content=\"Estimated reading time\" \/>\n\t<meta name=\"twitter:data2\" content=\"1 minute\" \/>\n<!-- \/ Yoast SEO plugin. -->","yoast_head_json":{"robots":{"index":"index","follow":"follow","max-snippet":"max-snippet:-1","max-image-preview":"max-image-preview:large","max-video-preview":"max-video-preview:-1"},"canonical":"https:\/\/www.samt.fr\/en\/inauguration-du-pont-de-la-riviere-saint-etienne-ile-de-la-reunion\/","og_locale":"en_GB","og_type":"article","og_title":"Inauguration du pont de la rivi\u00e8re Saint-\u00c9tienne (\u00eele de la R\u00e9union) - SAMT","og_description":"Les Armaturiers de La R\u00e9union signent un tr\u00e8s bel ouvrage sur l\u2019\u00eele, r\u00e9alis\u00e9 par un groupement [&hellip;]","og_url":"https:\/\/www.samt.fr\/en\/inauguration-du-pont-de-la-riviere-saint-etienne-ile-de-la-reunion\/","og_site_name":"SAMT","article_published_time":"2013-06-10T10:30:50+00:00","article_modified_time":"2021-10-20T14:32:05+00:00","og_image":[{"width":400,"height":256,"url":"https:\/\/www.samt.fr\/wp-content\/uploads\/2021\/10\/cp-pont-riviere-saint-etienne-resized-400x256-1.jpeg","type":"image\/jpeg"}],"twitter_card":"summary_large_image","twitter_misc":{"Written by":"Samt","Estimated reading time":"1 minute"},"schema":{"@context":"https:\/\/schema.org","@graph":[{"@type":"WebSite","@id":"https:\/\/www.samt.fr\/#website","url":"https:\/\/www.samt.fr\/","name":"SAMT","description":"Les armaturiers qui r\u00eavent de b\u00e9ton transparent","inLanguage":"en-GB"},{"@type":"ImageObject","@id":"https:\/\/www.samt.fr\/inauguration-du-pont-de-la-riviere-saint-etienne-ile-de-la-reunion\/#primaryimage","inLanguage":"en-GB","url":"https:\/\/www.samt.fr\/wp-content\/uploads\/2021\/10\/cp-pont-riviere-saint-etienne-resized-400x256-1.jpeg","contentUrl":"https:\/\/www.samt.fr\/wp-content\/uploads\/2021\/10\/cp-pont-riviere-saint-etienne-resized-400x256-1.jpeg","width":400,"height":256},{"@type":"WebPage","@id":"https:\/\/www.samt.fr\/inauguration-du-pont-de-la-riviere-saint-etienne-ile-de-la-reunion\/#webpage","url":"https:\/\/www.samt.fr\/inauguration-du-pont-de-la-riviere-saint-etienne-ile-de-la-reunion\/","name":"Inauguration du pont de la rivi\u00e8re Saint-\u00c9tienne (\u00eele de la R\u00e9union) - SAMT","isPartOf":{"@id":"https:\/\/www.samt.fr\/#website"},"primaryImageOfPage":{"@id":"https:\/\/www.samt.fr\/inauguration-du-pont-de-la-riviere-saint-etienne-ile-de-la-reunion\/#primaryimage"},"datePublished":"2013-06-10T10:30:50+00:00","dateModified":"2021-10-20T14:32:05+00:00","author":{"@id":"https:\/\/www.samt.fr\/#\/schema\/person\/8b1b75967ccf59ed92906f23a139c8e7"},"breadcrumb":{"@id":"https:\/\/www.samt.fr\/inauguration-du-pont-de-la-riviere-saint-etienne-ile-de-la-reunion\/#breadcrumb"},"inLanguage":"en-GB","potentialAction":[{"@type":"ReadAction","target":["https:\/\/www.samt.fr\/inauguration-du-pont-de-la-riviere-saint-etienne-ile-de-la-reunion\/"]}]},{"@type":"BreadcrumbList","@id":"https:\/\/www.samt.fr\/inauguration-du-pont-de-la-riviere-saint-etienne-ile-de-la-reunion\/#breadcrumb","itemListElement":[{"@type":"ListItem","position":1,"name":"Accueil","item":"https:\/\/www.samt.fr\/"},{"@type":"ListItem","position":2,"name":"Actualit\u00e9s","item":"https:\/\/www.samt.fr\/.\/actualites\/"},{"@type":"ListItem","position":3,"name":"Inauguration du pont de la rivi\u00e8re Saint-\u00c9tienne (\u00eele de la R\u00e9union)"}]},{"@type":"Person","@id":"https:\/\/www.samt.fr\/#\/schema\/person\/8b1b75967ccf59ed92906f23a139c8e7","name":"Samt","image":{"@type":"ImageObject","@id":"https:\/\/www.samt.fr\/#personlogo","inLanguage":"en-GB","url":"https:\/\/secure.gravatar.com\/avatar\/ecee8a87712839eaef2d1ff9f04e6e1aabcf7f21afbbb39382c1c05712229991?s=96&d=mm&r=g","contentUrl":"https:\/\/secure.gravatar.com\/avatar\/ecee8a87712839eaef2d1ff9f04e6e1aabcf7f21afbbb39382c1c05712229991?s=96&d=mm&r=g","caption":"Samt"},"sameAs":["https:\/\/www.samt.fr"],"url":"https:\/\/www.samt.fr\/en\/author\/samt\/"}]}},"_links":{"self":[{"href":"https:\/\/www.samt.fr\/en\/wp-json\/wp\/v2\/posts\/56","targetHints":{"allow":["GET"]}}],"collection":[{"href":"https:\/\/www.samt.fr\/en\/wp-json\/wp\/v2\/posts"}],"about":[{"href":"https:\/\/www.samt.fr\/en\/wp-json\/wp\/v2\/types\/post"}],"author":[{"embeddable":true,"href":"https:\/\/www.samt.fr\/en\/wp-json\/wp\/v2\/users\/1"}],"replies":[{"embeddable":true,"href":"https:\/\/www.samt.fr\/en\/wp-json\/wp\/v2\/comments?post=56"}],"version-history":[{"count":1,"href":"https:\/\/www.samt.fr\/en\/wp-json\/wp\/v2\/posts\/56\/revisions"}],"predecessor-version":[{"id":59,"href":"https:\/\/www.samt.fr\/en\/wp-json\/wp\/v2\/posts\/56\/revisions\/59"}],"wp:featuredmedia":[{"embeddable":true,"href":"https:\/\/www.samt.fr\/en\/wp-json\/wp\/v2\/media\/57"}],"wp:attachment":[{"href":"https:\/\/www.samt.fr\/en\/wp-json\/wp\/v2\/media?parent=56"}],"wp:term":[{"taxonomy":"category","embeddable":true,"href":"https:\/\/www.samt.fr\/en\/wp-json\/wp\/v2\/categories?post=56"},{"taxonomy":"post_tag","embeddable":true,"href":"https:\/\/www.samt.fr\/en\/wp-json\/wp\/v2\/tags?post=56"}],"curies":[{"name":"wp","href":"https:\/\/api.w.org\/{rel}","templated":true}]}}