{"id":926,"date":"2022-03-28T09:59:30","date_gmt":"2022-03-28T07:59:30","guid":{"rendered":"https:\/\/www.samt.fr\/?p=926"},"modified":"2022-04-19T10:03:24","modified_gmt":"2022-04-19T08:03:24","slug":"derniere-ligne-droite-pour-le-parc-eolien-en-mer-de-fecamp","status":"publish","type":"post","link":"https:\/\/www.samt.fr\/en\/derniere-ligne-droite-pour-le-parc-eolien-en-mer-de-fecamp\/","title":{"rendered":"Last straight line for the F\u00e9camp offshore wind farm"},"content":{"rendered":"<div class=\"vc_row wpb_row vc_row-fluid\"><div class=\"wpb_column vc_column_container vc_col-sm-12\"><div class=\"vc_column-inner\"><div class=\"wpb_wrapper\">\n\t<div class=\"wpb_text_column wpb_content_element\" >\n\t\t<div class=\"wpb_wrapper\">\n\t\t\t<p class=\" translation-block\">After 14 months of effort, we are in the home stretch with the last top rings and the finishing work (upper platform, filling of the hoppers, etc.)<br>\nSee you in July for the start of the GBS launch.<\/p>\n\n\t\t<\/div>\n\t<\/div>\n<\/div><\/div><\/div><\/div><div class=\"vc_row wpb_row vc_row-fluid\"><div class=\"wpb_column vc_column_container vc_col-sm-12\"><div class=\"vc_column-inner\"><div class=\"wpb_wrapper\"><div class=\"wpb_gallery wpb_content_element vc_clearfix\" ><div class=\"wpb_wrapper\"><div class=\"wpb_gallery_slides wpb_flexslider flexslider_fade flexslider\" data-interval=\"3\" data-flex_fx=\"fade\"><ul class=\"slides\"><li><a class=\"\" href=\"https:\/\/www.samt.fr\/wp-content\/uploads\/2022\/04\/derniere_ligne_droite_parc_eolien_fecamp_3-1024x634.jpg\" data-lightbox=\"lightbox[rel-926-4223091268]\"><img loading=\"lazy\" decoding=\"async\" width=\"2560\" height=\"1585\" src=\"https:\/\/www.samt.fr\/wp-content\/uploads\/2022\/04\/derniere_ligne_droite_parc_eolien_fecamp_3-scaled.jpg\" class=\"attachment-full\" alt=\"\" \/><\/a><\/li><li><a class=\"\" href=\"https:\/\/www.samt.fr\/wp-content\/uploads\/2022\/04\/derniere_ligne_droite_parc_eolien_fecamp_2-1024x768.jpg\" data-lightbox=\"lightbox[rel-926-4223091268]\"><img loading=\"lazy\" decoding=\"async\" width=\"2560\" height=\"1920\" src=\"https:\/\/www.samt.fr\/wp-content\/uploads\/2022\/04\/derniere_ligne_droite_parc_eolien_fecamp_2-scaled.jpg\" class=\"attachment-full\" alt=\"\" \/><\/a><\/li><li><a class=\"\" href=\"https:\/\/www.samt.fr\/wp-content\/uploads\/2022\/04\/derniere_ligne_droite_parc_eolien_fecamp_4-1024x1024.jpg\" data-lightbox=\"lightbox[rel-926-4223091268]\"><img loading=\"lazy\" decoding=\"async\" width=\"2560\" height=\"2560\" src=\"https:\/\/www.samt.fr\/wp-content\/uploads\/2022\/04\/derniere_ligne_droite_parc_eolien_fecamp_4-scaled.jpg\" class=\"attachment-full\" alt=\"\" \/><\/a><\/li><\/ul><\/div><\/div><\/div><\/div><\/div><\/div><\/div>","protected":false},"excerpt":{"rendered":"After 14 months of effort, we are in the home stretch with the last top rings [...]","protected":false},"author":1,"featured_media":930,"comment_status":"closed","ping_status":"closed","sticky":false,"template":"","format":"standard","meta":{"footnotes":""},"categories":[1],"tags":[],"class_list":["post-926","post","type-post","status-publish","format-standard","hentry","category-actualites"],"yoast_head":"<!-- This site is optimized with the Yoast SEO plugin v18.0 - https:\/\/yoast.com\/wordpress\/plugins\/seo\/ -->\n<meta name=\"robots\" content=\"index, follow, max-snippet:-1, max-image-preview:large, max-video-preview:-1\" \/>\n<link rel=\"canonical\" href=\"http:\/\/www.samt.fr\/en\/derniere-ligne-droite-pour-le-parc-eolien-en-mer-de-fecamp\/\" \/>\n<meta property=\"og:locale\" content=\"en_GB\" \/>\n<meta property=\"og:type\" content=\"article\" \/>\n<meta property=\"og:title\" content=\"Derni\u00e8re ligne droite pour le parc \u00e9olien en mer de F\u00e9camp - SAMT\" \/>\n<meta property=\"og:url\" content=\"http:\/\/www.samt.fr\/en\/derniere-ligne-droite-pour-le-parc-eolien-en-mer-de-fecamp\/\" \/>\n<meta property=\"og:site_name\" content=\"SAMT\" \/>\n<meta property=\"article:published_time\" content=\"2022-03-28T07:59:30+00:00\" \/>\n<meta property=\"article:modified_time\" content=\"2022-04-19T08:03:24+00:00\" \/>\n<meta property=\"og:image\" content=\"https:\/\/www.samt.fr\/wp-content\/uploads\/2022\/04\/derniere_ligne_droite_parc_eolien_fecamp_1-scaled.jpg\" \/>\n\t<meta property=\"og:image:width\" content=\"2560\" \/>\n\t<meta property=\"og:image:height\" content=\"1920\" \/>\n\t<meta property=\"og:image:type\" content=\"image\/jpeg\" \/>\n<meta name=\"twitter:card\" content=\"summary_large_image\" \/>\n<meta name=\"twitter:label1\" content=\"Written by\" \/>\n\t<meta name=\"twitter:data1\" content=\"Samt\" \/>\n<!-- \/ Yoast SEO plugin. -->","yoast_head_json":{"robots":{"index":"index","follow":"follow","max-snippet":"max-snippet:-1","max-image-preview":"max-image-preview:large","max-video-preview":"max-video-preview:-1"},"canonical":"http:\/\/www.samt.fr\/en\/derniere-ligne-droite-pour-le-parc-eolien-en-mer-de-fecamp\/","og_locale":"en_GB","og_type":"article","og_title":"Derni\u00e8re ligne droite pour le parc \u00e9olien en mer de F\u00e9camp - SAMT","og_url":"http:\/\/www.samt.fr\/en\/derniere-ligne-droite-pour-le-parc-eolien-en-mer-de-fecamp\/","og_site_name":"SAMT","article_published_time":"2022-03-28T07:59:30+00:00","article_modified_time":"2022-04-19T08:03:24+00:00","og_image":[{"width":2560,"height":1920,"url":"https:\/\/www.samt.fr\/wp-content\/uploads\/2022\/04\/derniere_ligne_droite_parc_eolien_fecamp_1-scaled.jpg","type":"image\/jpeg"}],"twitter_card":"summary_large_image","twitter_misc":{"Written by":"Samt"},"schema":{"@context":"https:\/\/schema.org","@graph":[{"@type":"WebSite","@id":"https:\/\/www.samt.fr\/#website","url":"https:\/\/www.samt.fr\/","name":"SAMT","description":"Les armaturiers qui r\u00eavent de b\u00e9ton transparent","inLanguage":"en-GB"},{"@type":"ImageObject","@id":"http:\/\/www.samt.fr\/en\/derniere-ligne-droite-pour-le-parc-eolien-en-mer-de-fecamp\/#primaryimage","inLanguage":"en-GB","url":"https:\/\/www.samt.fr\/wp-content\/uploads\/2022\/04\/derniere_ligne_droite_parc_eolien_fecamp_1-scaled.jpg","contentUrl":"https:\/\/www.samt.fr\/wp-content\/uploads\/2022\/04\/derniere_ligne_droite_parc_eolien_fecamp_1-scaled.jpg","width":2560,"height":1920},{"@type":"WebPage","@id":"http:\/\/www.samt.fr\/en\/derniere-ligne-droite-pour-le-parc-eolien-en-mer-de-fecamp\/#webpage","url":"http:\/\/www.samt.fr\/en\/derniere-ligne-droite-pour-le-parc-eolien-en-mer-de-fecamp\/","name":"Derni\u00e8re ligne droite pour le parc \u00e9olien en mer de F\u00e9camp - SAMT","isPartOf":{"@id":"https:\/\/www.samt.fr\/#website"},"primaryImageOfPage":{"@id":"http:\/\/www.samt.fr\/en\/derniere-ligne-droite-pour-le-parc-eolien-en-mer-de-fecamp\/#primaryimage"},"datePublished":"2022-03-28T07:59:30+00:00","dateModified":"2022-04-19T08:03:24+00:00","author":{"@id":"https:\/\/www.samt.fr\/#\/schema\/person\/8b1b75967ccf59ed92906f23a139c8e7"},"breadcrumb":{"@id":"http:\/\/www.samt.fr\/en\/derniere-ligne-droite-pour-le-parc-eolien-en-mer-de-fecamp\/#breadcrumb"},"inLanguage":"en-GB","potentialAction":[{"@type":"ReadAction","target":["http:\/\/www.samt.fr\/en\/derniere-ligne-droite-pour-le-parc-eolien-en-mer-de-fecamp\/"]}]},{"@type":"BreadcrumbList","@id":"http:\/\/www.samt.fr\/en\/derniere-ligne-droite-pour-le-parc-eolien-en-mer-de-fecamp\/#breadcrumb","itemListElement":[{"@type":"ListItem","position":1,"name":"Accueil","item":"https:\/\/www.samt.fr\/"},{"@type":"ListItem","position":2,"name":"Actualit\u00e9s","item":"https:\/\/www.samt.fr\/.\/actualites\/"},{"@type":"ListItem","position":3,"name":"Derni\u00e8re ligne droite pour le parc \u00e9olien en mer de F\u00e9camp"}]},{"@type":"Person","@id":"https:\/\/www.samt.fr\/#\/schema\/person\/8b1b75967ccf59ed92906f23a139c8e7","name":"Samt","image":{"@type":"ImageObject","@id":"https:\/\/www.samt.fr\/#personlogo","inLanguage":"en-GB","url":"https:\/\/secure.gravatar.com\/avatar\/ecee8a87712839eaef2d1ff9f04e6e1aabcf7f21afbbb39382c1c05712229991?s=96&d=mm&r=g","contentUrl":"https:\/\/secure.gravatar.com\/avatar\/ecee8a87712839eaef2d1ff9f04e6e1aabcf7f21afbbb39382c1c05712229991?s=96&d=mm&r=g","caption":"Samt"},"sameAs":["https:\/\/www.samt.fr"],"url":"https:\/\/www.samt.fr\/en\/author\/samt\/"}]}},"_links":{"self":[{"href":"https:\/\/www.samt.fr\/en\/wp-json\/wp\/v2\/posts\/926","targetHints":{"allow":["GET"]}}],"collection":[{"href":"https:\/\/www.samt.fr\/en\/wp-json\/wp\/v2\/posts"}],"about":[{"href":"https:\/\/www.samt.fr\/en\/wp-json\/wp\/v2\/types\/post"}],"author":[{"embeddable":true,"href":"https:\/\/www.samt.fr\/en\/wp-json\/wp\/v2\/users\/1"}],"replies":[{"embeddable":true,"href":"https:\/\/www.samt.fr\/en\/wp-json\/wp\/v2\/comments?post=926"}],"version-history":[{"count":1,"href":"https:\/\/www.samt.fr\/en\/wp-json\/wp\/v2\/posts\/926\/revisions"}],"predecessor-version":[{"id":931,"href":"https:\/\/www.samt.fr\/en\/wp-json\/wp\/v2\/posts\/926\/revisions\/931"}],"wp:featuredmedia":[{"embeddable":true,"href":"https:\/\/www.samt.fr\/en\/wp-json\/wp\/v2\/media\/930"}],"wp:attachment":[{"href":"https:\/\/www.samt.fr\/en\/wp-json\/wp\/v2\/media?parent=926"}],"wp:term":[{"taxonomy":"category","embeddable":true,"href":"https:\/\/www.samt.fr\/en\/wp-json\/wp\/v2\/categories?post=926"},{"taxonomy":"post_tag","embeddable":true,"href":"https:\/\/www.samt.fr\/en\/wp-json\/wp\/v2\/tags?post=926"}],"curies":[{"name":"wp","href":"https:\/\/api.w.org\/{rel}","templated":true}]}}